{"id":854,"date":"2021-09-29T11:38:02","date_gmt":"2021-09-29T09:38:02","guid":{"rendered":"http:\/\/mk.mkskynsperk.cz\/wordpress\/?p=854"},"modified":"2021-09-29T11:38:02","modified_gmt":"2021-09-29T09:38:02","slug":"darek-k-tydnu-knihoven","status":"publish","type":"post","link":"http:\/\/mk.mkskynsperk.cz\/wordpress\/2021\/09\/29\/darek-k-tydnu-knihoven\/","title":{"rendered":"D\u00e1rek k T\u00fddnu knihoven"},"content":{"rendered":"<p>V\u00a0pr\u016fb\u011bhu celost\u00e1tn\u00ed akce <strong>T\u00fdden knihoven<\/strong> (4.-10. 10. 2021) z\u00edskaj\u00ed v\u0161echny knihovny mo\u017enost rozd\u00e1vat sv\u00fdm \u010dten\u00e1\u0159\u016fm 3 vybran\u00e9 e-knihy zdarma. Sta\u010d\u00ed si na sv\u00e9 webov\u00e9 str\u00e1nky, n\u00e1st\u011bnku \u010di soci\u00e1ln\u00ed s\u00edt\u011b um\u00edstit plak\u00e1t obsahuj\u00edc\u00ed voucher (<strong>TYDENKNIHOVEN21<\/strong>) a jednoduch\u00fd postup uplatn\u011bn\u00ed. \u010cten\u00e1\u0159i si prost\u0159ednictv\u00edm voucheru st\u00e1hnou bal\u00ed\u010dek e-knih p\u0159\u00edmo ze str\u00e1nek <a href=\"http:\/\/www.palmknihy.cz\">www.palmknihy.cz<\/a>, proto se do akce mohou zapojit i knihovny, kter\u00e9 nemaj\u00ed knihovn\u00ed syst\u00e9m podporuj\u00edc\u00ed eV\u00fdp\u016fj\u010dky. E-knihy se p\u0159i sta\u017een\u00ed automaticky zaopat\u0159\u00ed social DRM ochranou, kter\u00e1 nijak neomezuje \u010dten\u00ed. Nejedn\u00e1 se o b\u011b\u017enou eV\u00fdp\u016fj\u010dku a tyto e-knihy z\u016fstanou \u010dten\u00e1\u0159\u016fm natrvalo. Palmknihy spole\u010dn\u011b s nakladateli (Mystery Press a Motto) do projektu na podporu \u010dten\u00ed a knihoven poskytly obl\u00edben\u00e9 tituly z\u00a0r\u016fzn\u00fdch \u017e\u00e1nr\u016f, tud\u00ed\u017e se jedn\u00e1 o ide\u00e1ln\u00ed p\u0159\u00edle\u017eitost p\u0159e\u010d\u00edst si kvalitn\u00ed p\u0159\u00edb\u011bhy nov\u00fdm zp\u016fsobem.<\/p>\n<p>&nbsp;<\/p>\n<p>&nbsp;<\/p>\n<p><strong><u>Vybran\u00e9 tituly:<\/u><\/strong><\/p>\n<p><strong><u>\u00a0<\/u><\/strong><\/p>\n<ul>\n<li>V\u00a0tomto roce jsme se rozhodli \u010dten\u00e1\u0159e a \u010dten\u00e1\u0159ky p\u0159ekvapit, a proto p\u0159edem nezve\u0159ej\u0148ujeme seznam titul\u016f.<\/li>\n<\/ul>\n<p>&nbsp;<\/p>\n<p>&nbsp;<\/p>\n<p><strong><u>Odkaz ke st\u00e1hnut\u00ed materi\u00e1l\u016f k akci:<\/u><\/strong> <a href=\"https:\/\/www.dropbox.com\/sh\/6nd8dz5hhooyhim\/AADOQWY8LOldouI0iSwTUFrYa?dl=0\">https:\/\/www.dropbox.com\/sh\/6nd8dz5hhooyhim\/AADOQWY8LOldouI0iSwTUFrYa?dl=0<\/a><\/p>\n<p>&nbsp;<\/p>\n<p>&nbsp;<\/p>\n<p><strong><u>Postup uplatn\u011bn\u00ed voucheru:<\/u><\/strong><\/p>\n<p>&nbsp;<\/p>\n<ol>\n<li>P\u0159ihlaste se \/ registrujte se na <a href=\"http:\/\/www.palmknihy.cz\">palmknihy.cz<\/a><\/li>\n<li>Klikn\u011bte\u00a0na \u201eKnihovni\u010dka\u201c a pot\u00e9 na \u201eUplatnit voucher darovan\u00e9 e-knihy\u201c<\/li>\n<li>Napi\u0161te k\u00f3d\u00a0<strong>TYDENKNIHOVEN21<\/strong>do pol\u00ed\u010dka \u201ek\u00f3d kup\u00f3nu\u201c a potvr\u010fte<\/li>\n<li>T\u0159i nakladatelem vybran\u00e9 e-knihy se objev\u00ed v \u201eKnihovni\u010dce\u201c na webu i v\u00a0aplikac\u00edch eReading a Palmknihy (Android, iOS).\n<p>Pot\u0159ebujete\u00a0poradit? Napi\u0161te na <a href=\"mailto:podpora@palmknihy.cz\">podpora@palmknihy.cz<\/a><\/li>\n<\/ol>\n<p>&nbsp;<\/p>\n<p>&nbsp;<\/p>\n<p>&nbsp;<\/p>\n<p>(Voucher je platn\u00fd do 31. 10. 2021)<\/p>\n","protected":false},"excerpt":{"rendered":"<p>V\u00a0pr\u016fb\u011bhu celost\u00e1tn\u00ed akce T\u00fdden knihoven (4.-10. 10. 2021) z\u00edskaj\u00ed v\u0161echny knihovny mo\u017enost rozd\u00e1vat sv\u00fdm \u010dten\u00e1\u0159\u016fm 3 vybran\u00e9 e-knihy zdarma. Sta\u010d\u00ed si na sv\u00e9 webov\u00e9 str\u00e1nky, n\u00e1st\u011bnku \u010di soci\u00e1ln\u00ed s\u00edt\u011b um\u00edstit plak\u00e1t obsahuj\u00edc\u00ed voucher (TYDENKNIHOVEN21) a jednoduch\u00fd postup uplatn\u011bn\u00ed. \u010cten\u00e1\u0159i si prost\u0159ednictv\u00edm voucheru st\u00e1hnou bal\u00ed\u010dek e-knih p\u0159\u00edmo ze str\u00e1nek www.palmknihy.cz, proto \u2026<\/p>\n","protected":false},"author":2,"featured_media":41,"comment_status":"open","ping_status":"open","sticky":false,"template":"","format":"standard","meta":{"footnotes":"","_links_to":"","_links_to_target":""},"categories":[25],"tags":[],"class_list":["post-854","post","type-post","status-publish","format-standard","has-post-thumbnail","hentry","category-akce"],"yoast_head":"<!-- This site is optimized with the Yoast SEO plugin v17.8 - https:\/\/yoast.com\/wordpress\/plugins\/seo\/ -->\n<title>D\u00e1rek k T\u00fddnu knihoven - M\u011bstsk\u00e1 knihovna<\/title>\n<meta name=\"robots\" content=\"index, follow, max-snippet:-1, max-image-preview:large, max-video-preview:-1\" \/>\n<link rel=\"canonical\" href=\"http:\/\/mk.mkskynsperk.cz\/wordpress\/2021\/09\/29\/darek-k-tydnu-knihoven\/\" \/>\n<meta property=\"og:locale\" content=\"cs_CZ\" \/>\n<meta property=\"og:type\" content=\"article\" \/>\n<meta property=\"og:title\" content=\"D\u00e1rek k T\u00fddnu knihoven - M\u011bstsk\u00e1 knihovna\" \/>\n<meta property=\"og:description\" content=\"V\u00a0pr\u016fb\u011bhu celost\u00e1tn\u00ed akce T\u00fdden knihoven (4.-10. 10. 2021) z\u00edskaj\u00ed v\u0161echny knihovny mo\u017enost rozd\u00e1vat sv\u00fdm \u010dten\u00e1\u0159\u016fm 3 vybran\u00e9 e-knihy zdarma. Sta\u010d\u00ed si na sv\u00e9 webov\u00e9 str\u00e1nky, n\u00e1st\u011bnku \u010di soci\u00e1ln\u00ed s\u00edt\u011b um\u00edstit plak\u00e1t obsahuj\u00edc\u00ed voucher (TYDENKNIHOVEN21) a jednoduch\u00fd postup uplatn\u011bn\u00ed. \u010cten\u00e1\u0159i si prost\u0159ednictv\u00edm voucheru st\u00e1hnou bal\u00ed\u010dek e-knih p\u0159\u00edmo ze str\u00e1nek www.palmknihy.cz, proto \u2026\" \/>\n<meta property=\"og:url\" content=\"http:\/\/mk.mkskynsperk.cz\/wordpress\/2021\/09\/29\/darek-k-tydnu-knihoven\/\" \/>\n<meta property=\"og:site_name\" content=\"M\u011bstsk\u00e1 knihovna\" \/>\n<meta property=\"article:published_time\" content=\"2021-09-29T09:38:02+00:00\" \/>\n<meta property=\"og:image\" content=\"http:\/\/mk.mkskynsperk.cz\/wordpress\/wp-content\/uploads\/2017\/09\/logo-kniha-e1505112566526.png\" \/>\n\t<meta property=\"og:image:width\" content=\"160\" \/>\n\t<meta property=\"og:image:height\" content=\"148\" \/>\n<meta name=\"twitter:card\" content=\"summary\" \/>\n<meta name=\"twitter:label1\" content=\"Napsal(a)\" \/>\n\t<meta name=\"twitter:data1\" content=\"Knihovna\" \/>\n\t<meta name=\"twitter:label2\" content=\"Odhadovan\u00e1 doba \u010dten\u00ed\" \/>\n\t<meta name=\"twitter:data2\" content=\"1 minute\" \/>\n<script type=\"application\/ld+json\" class=\"yoast-schema-graph\">{\"@context\":\"https:\/\/schema.org\",\"@graph\":[{\"@type\":\"WebSite\",\"@id\":\"http:\/\/mk.mkskynsperk.cz\/wordpress\/#website\",\"url\":\"http:\/\/mk.mkskynsperk.cz\/wordpress\/\",\"name\":\"M\\u011bstsk\\u00e1 knihovna\",\"description\":\"Kyn\\u0161perk nad Oh\\u0159\\u00ed\",\"potentialAction\":[{\"@type\":\"SearchAction\",\"target\":{\"@type\":\"EntryPoint\",\"urlTemplate\":\"http:\/\/mk.mkskynsperk.cz\/wordpress\/?s={search_term_string}\"},\"query-input\":\"required name=search_term_string\"}],\"inLanguage\":\"cs-CZ\"},{\"@type\":\"ImageObject\",\"@id\":\"http:\/\/mk.mkskynsperk.cz\/wordpress\/2021\/09\/29\/darek-k-tydnu-knihoven\/#primaryimage\",\"inLanguage\":\"cs-CZ\",\"url\":\"http:\/\/mk.mkskynsperk.cz\/wordpress\/wp-content\/uploads\/2017\/09\/logo-kniha-e1505112566526.png\",\"contentUrl\":\"http:\/\/mk.mkskynsperk.cz\/wordpress\/wp-content\/uploads\/2017\/09\/logo-kniha-e1505112566526.png\",\"width\":160,\"height\":148},{\"@type\":\"WebPage\",\"@id\":\"http:\/\/mk.mkskynsperk.cz\/wordpress\/2021\/09\/29\/darek-k-tydnu-knihoven\/#webpage\",\"url\":\"http:\/\/mk.mkskynsperk.cz\/wordpress\/2021\/09\/29\/darek-k-tydnu-knihoven\/\",\"name\":\"D\\u00e1rek k T\\u00fddnu knihoven - M\\u011bstsk\\u00e1 knihovna\",\"isPartOf\":{\"@id\":\"http:\/\/mk.mkskynsperk.cz\/wordpress\/#website\"},\"primaryImageOfPage\":{\"@id\":\"http:\/\/mk.mkskynsperk.cz\/wordpress\/2021\/09\/29\/darek-k-tydnu-knihoven\/#primaryimage\"},\"datePublished\":\"2021-09-29T09:38:02+00:00\",\"dateModified\":\"2021-09-29T09:38:02+00:00\",\"author\":{\"@id\":\"http:\/\/mk.mkskynsperk.cz\/wordpress\/#\/schema\/person\/3021a6b2c04122f2fcb5014b8a03d989\"},\"breadcrumb\":{\"@id\":\"http:\/\/mk.mkskynsperk.cz\/wordpress\/2021\/09\/29\/darek-k-tydnu-knihoven\/#breadcrumb\"},\"inLanguage\":\"cs-CZ\",\"potentialAction\":[{\"@type\":\"ReadAction\",\"target\":[\"http:\/\/mk.mkskynsperk.cz\/wordpress\/2021\/09\/29\/darek-k-tydnu-knihoven\/\"]}]},{\"@type\":\"BreadcrumbList\",\"@id\":\"http:\/\/mk.mkskynsperk.cz\/wordpress\/2021\/09\/29\/darek-k-tydnu-knihoven\/#breadcrumb\",\"itemListElement\":[{\"@type\":\"ListItem\",\"position\":1,\"name\":\"Dom\\u016f\",\"item\":\"http:\/\/mk.mkskynsperk.cz\/wordpress\/\"},{\"@type\":\"ListItem\",\"position\":2,\"name\":\"D\\u00e1rek k T\\u00fddnu knihoven\"}]},{\"@type\":\"Person\",\"@id\":\"http:\/\/mk.mkskynsperk.cz\/wordpress\/#\/schema\/person\/3021a6b2c04122f2fcb5014b8a03d989\",\"name\":\"Knihovna\",\"image\":{\"@type\":\"ImageObject\",\"@id\":\"http:\/\/mk.mkskynsperk.cz\/wordpress\/#personlogo\",\"inLanguage\":\"cs-CZ\",\"url\":\"https:\/\/secure.gravatar.com\/avatar\/93bda8727c2d3275f68a1f189b0f9ce45df309a9ec99b482936301b3df8008d1?s=96&d=mm&r=g\",\"contentUrl\":\"https:\/\/secure.gravatar.com\/avatar\/93bda8727c2d3275f68a1f189b0f9ce45df309a9ec99b482936301b3df8008d1?s=96&d=mm&r=g\",\"caption\":\"Knihovna\"}}]}<\/script>\n<!-- \/ Yoast SEO plugin. -->","yoast_head_json":{"title":"D\u00e1rek k T\u00fddnu knihoven - M\u011bstsk\u00e1 knihovna","robots":{"index":"index","follow":"follow","max-snippet":"max-snippet:-1","max-image-preview":"max-image-preview:large","max-video-preview":"max-video-preview:-1"},"canonical":"http:\/\/mk.mkskynsperk.cz\/wordpress\/2021\/09\/29\/darek-k-tydnu-knihoven\/","og_locale":"cs_CZ","og_type":"article","og_title":"D\u00e1rek k T\u00fddnu knihoven - M\u011bstsk\u00e1 knihovna","og_description":"V\u00a0pr\u016fb\u011bhu celost\u00e1tn\u00ed akce T\u00fdden knihoven (4.-10. 10. 2021) z\u00edskaj\u00ed v\u0161echny knihovny mo\u017enost rozd\u00e1vat sv\u00fdm \u010dten\u00e1\u0159\u016fm 3 vybran\u00e9 e-knihy zdarma. Sta\u010d\u00ed si na sv\u00e9 webov\u00e9 str\u00e1nky, n\u00e1st\u011bnku \u010di soci\u00e1ln\u00ed s\u00edt\u011b um\u00edstit plak\u00e1t obsahuj\u00edc\u00ed voucher (TYDENKNIHOVEN21) a jednoduch\u00fd postup uplatn\u011bn\u00ed. \u010cten\u00e1\u0159i si prost\u0159ednictv\u00edm voucheru st\u00e1hnou bal\u00ed\u010dek e-knih p\u0159\u00edmo ze str\u00e1nek www.palmknihy.cz, proto \u2026","og_url":"http:\/\/mk.mkskynsperk.cz\/wordpress\/2021\/09\/29\/darek-k-tydnu-knihoven\/","og_site_name":"M\u011bstsk\u00e1 knihovna","article_published_time":"2021-09-29T09:38:02+00:00","og_image":[{"width":160,"height":148,"url":"http:\/\/mk.mkskynsperk.cz\/wordpress\/wp-content\/uploads\/2017\/09\/logo-kniha-e1505112566526.png","type":"image\/png"}],"twitter_card":"summary","twitter_misc":{"Napsal(a)":"Knihovna","Odhadovan\u00e1 doba \u010dten\u00ed":"1 minute"},"schema":{"@context":"https:\/\/schema.org","@graph":[{"@type":"WebSite","@id":"http:\/\/mk.mkskynsperk.cz\/wordpress\/#website","url":"http:\/\/mk.mkskynsperk.cz\/wordpress\/","name":"M\u011bstsk\u00e1 knihovna","description":"Kyn\u0161perk nad Oh\u0159\u00ed","potentialAction":[{"@type":"SearchAction","target":{"@type":"EntryPoint","urlTemplate":"http:\/\/mk.mkskynsperk.cz\/wordpress\/?s={search_term_string}"},"query-input":"required name=search_term_string"}],"inLanguage":"cs-CZ"},{"@type":"ImageObject","@id":"http:\/\/mk.mkskynsperk.cz\/wordpress\/2021\/09\/29\/darek-k-tydnu-knihoven\/#primaryimage","inLanguage":"cs-CZ","url":"http:\/\/mk.mkskynsperk.cz\/wordpress\/wp-content\/uploads\/2017\/09\/logo-kniha-e1505112566526.png","contentUrl":"http:\/\/mk.mkskynsperk.cz\/wordpress\/wp-content\/uploads\/2017\/09\/logo-kniha-e1505112566526.png","width":160,"height":148},{"@type":"WebPage","@id":"http:\/\/mk.mkskynsperk.cz\/wordpress\/2021\/09\/29\/darek-k-tydnu-knihoven\/#webpage","url":"http:\/\/mk.mkskynsperk.cz\/wordpress\/2021\/09\/29\/darek-k-tydnu-knihoven\/","name":"D\u00e1rek k T\u00fddnu knihoven - M\u011bstsk\u00e1 knihovna","isPartOf":{"@id":"http:\/\/mk.mkskynsperk.cz\/wordpress\/#website"},"primaryImageOfPage":{"@id":"http:\/\/mk.mkskynsperk.cz\/wordpress\/2021\/09\/29\/darek-k-tydnu-knihoven\/#primaryimage"},"datePublished":"2021-09-29T09:38:02+00:00","dateModified":"2021-09-29T09:38:02+00:00","author":{"@id":"http:\/\/mk.mkskynsperk.cz\/wordpress\/#\/schema\/person\/3021a6b2c04122f2fcb5014b8a03d989"},"breadcrumb":{"@id":"http:\/\/mk.mkskynsperk.cz\/wordpress\/2021\/09\/29\/darek-k-tydnu-knihoven\/#breadcrumb"},"inLanguage":"cs-CZ","potentialAction":[{"@type":"ReadAction","target":["http:\/\/mk.mkskynsperk.cz\/wordpress\/2021\/09\/29\/darek-k-tydnu-knihoven\/"]}]},{"@type":"BreadcrumbList","@id":"http:\/\/mk.mkskynsperk.cz\/wordpress\/2021\/09\/29\/darek-k-tydnu-knihoven\/#breadcrumb","itemListElement":[{"@type":"ListItem","position":1,"name":"Dom\u016f","item":"http:\/\/mk.mkskynsperk.cz\/wordpress\/"},{"@type":"ListItem","position":2,"name":"D\u00e1rek k T\u00fddnu knihoven"}]},{"@type":"Person","@id":"http:\/\/mk.mkskynsperk.cz\/wordpress\/#\/schema\/person\/3021a6b2c04122f2fcb5014b8a03d989","name":"Knihovna","image":{"@type":"ImageObject","@id":"http:\/\/mk.mkskynsperk.cz\/wordpress\/#personlogo","inLanguage":"cs-CZ","url":"https:\/\/secure.gravatar.com\/avatar\/93bda8727c2d3275f68a1f189b0f9ce45df309a9ec99b482936301b3df8008d1?s=96&d=mm&r=g","contentUrl":"https:\/\/secure.gravatar.com\/avatar\/93bda8727c2d3275f68a1f189b0f9ce45df309a9ec99b482936301b3df8008d1?s=96&d=mm&r=g","caption":"Knihovna"}}]}},"_links":{"self":[{"href":"http:\/\/mk.mkskynsperk.cz\/wordpress\/wp-json\/wp\/v2\/posts\/854","targetHints":{"allow":["GET"]}}],"collection":[{"href":"http:\/\/mk.mkskynsperk.cz\/wordpress\/wp-json\/wp\/v2\/posts"}],"about":[{"href":"http:\/\/mk.mkskynsperk.cz\/wordpress\/wp-json\/wp\/v2\/types\/post"}],"author":[{"embeddable":true,"href":"http:\/\/mk.mkskynsperk.cz\/wordpress\/wp-json\/wp\/v2\/users\/2"}],"replies":[{"embeddable":true,"href":"http:\/\/mk.mkskynsperk.cz\/wordpress\/wp-json\/wp\/v2\/comments?post=854"}],"version-history":[{"count":1,"href":"http:\/\/mk.mkskynsperk.cz\/wordpress\/wp-json\/wp\/v2\/posts\/854\/revisions"}],"predecessor-version":[{"id":855,"href":"http:\/\/mk.mkskynsperk.cz\/wordpress\/wp-json\/wp\/v2\/posts\/854\/revisions\/855"}],"wp:featuredmedia":[{"embeddable":true,"href":"http:\/\/mk.mkskynsperk.cz\/wordpress\/wp-json\/wp\/v2\/media\/41"}],"wp:attachment":[{"href":"http:\/\/mk.mkskynsperk.cz\/wordpress\/wp-json\/wp\/v2\/media?parent=854"}],"wp:term":[{"taxonomy":"category","embeddable":true,"href":"http:\/\/mk.mkskynsperk.cz\/wordpress\/wp-json\/wp\/v2\/categories?post=854"},{"taxonomy":"post_tag","embeddable":true,"href":"http:\/\/mk.mkskynsperk.cz\/wordpress\/wp-json\/wp\/v2\/tags?post=854"}],"curies":[{"name":"wp","href":"https:\/\/api.w.org\/{rel}","templated":true}]}}