{"id":851,"date":"2021-09-08T14:40:19","date_gmt":"2021-09-08T12:40:19","guid":{"rendered":"http:\/\/mk.mkskynsperk.cz\/wordpress\/?p=851"},"modified":"2021-09-08T14:40:19","modified_gmt":"2021-09-08T12:40:19","slug":"sbirkove-dny-svetlusky","status":"publish","type":"post","link":"http:\/\/mk.mkskynsperk.cz\/wordpress\/2021\/09\/08\/sbirkove-dny-svetlusky\/","title":{"rendered":"Sb\u00edrkov\u00e9 dny Sv\u011btlu\u0161ky"},"content":{"rendered":"<p><strong>Sb\u00edrkov\u00e9 dny Sv\u011btlu\u0161ky<\/strong><\/p>\n<p>K podpo\u0159e zrakov\u011b posti\u017een\u00fdch<\/p>\n<p><strong>Kdy:<\/strong><\/p>\n<p>6.9.2021\u00a0&#8211;\u00a029.10.2021<\/p>\n<p><strong>Kde<\/strong><strong>: <\/strong><\/p>\n<p><strong>M\u011bstsk\u00e1 knihovna<\/strong><\/p>\n<p>Zakoupen\u00edm sb\u00edrkov\u00fdch p\u0159edm\u011bt\u016f v na\u0161\u00ed knihovn\u011b mohou d\u00e1rci p\u0159isp\u011bt na t\u011b\u017ece zrakov\u011b posti\u017een\u00e9.\u00a0 V\u00edce o tradi\u010dn\u00edm celorepublikov\u00e9m projektu Nada\u010dn\u00edho fondu \u010cesk\u00e9ho rozhlasu.<\/p>\n<p><strong>https:\/\/svetluska.rozhlas.cz\/<\/strong><\/p>\n<p><strong>\u00a0<\/strong><\/p>\n","protected":false},"excerpt":{"rendered":"<p>Sb\u00edrkov\u00e9 dny Sv\u011btlu\u0161ky K podpo\u0159e zrakov\u011b posti\u017een\u00fdch Kdy: 6.9.2021\u00a0&#8211;\u00a029.10.2021 Kde: M\u011bstsk\u00e1 knihovna Zakoupen\u00edm sb\u00edrkov\u00fdch p\u0159edm\u011bt\u016f v na\u0161\u00ed knihovn\u011b mohou d\u00e1rci p\u0159isp\u011bt na t\u011b\u017ece zrakov\u011b posti\u017een\u00e9.\u00a0 V\u00edce o tradi\u010dn\u00edm celorepublikov\u00e9m projektu Nada\u010dn\u00edho fondu \u010cesk\u00e9ho rozhlasu. https:\/\/svetluska.rozhlas.cz\/ \u00a0<\/p>\n","protected":false},"author":2,"featured_media":41,"comment_status":"open","ping_status":"open","sticky":false,"template":"","format":"standard","meta":{"footnotes":"","_links_to":"","_links_to_target":""},"categories":[25],"tags":[],"class_list":["post-851","post","type-post","status-publish","format-standard","has-post-thumbnail","hentry","category-akce"],"yoast_head":"<!-- This site is optimized with the Yoast SEO plugin v17.8 - https:\/\/yoast.com\/wordpress\/plugins\/seo\/ -->\n<title>Sb\u00edrkov\u00e9 dny Sv\u011btlu\u0161ky - M\u011bstsk\u00e1 knihovna<\/title>\n<meta name=\"robots\" content=\"index, follow, max-snippet:-1, max-image-preview:large, max-video-preview:-1\" \/>\n<link rel=\"canonical\" href=\"http:\/\/mk.mkskynsperk.cz\/wordpress\/2021\/09\/08\/sbirkove-dny-svetlusky\/\" \/>\n<meta property=\"og:locale\" content=\"cs_CZ\" \/>\n<meta property=\"og:type\" content=\"article\" \/>\n<meta property=\"og:title\" content=\"Sb\u00edrkov\u00e9 dny Sv\u011btlu\u0161ky - M\u011bstsk\u00e1 knihovna\" \/>\n<meta property=\"og:description\" content=\"Sb\u00edrkov\u00e9 dny Sv\u011btlu\u0161ky K podpo\u0159e zrakov\u011b posti\u017een\u00fdch Kdy: 6.9.2021\u00a0&#8211;\u00a029.10.2021 Kde: M\u011bstsk\u00e1 knihovna Zakoupen\u00edm sb\u00edrkov\u00fdch p\u0159edm\u011bt\u016f v na\u0161\u00ed knihovn\u011b mohou d\u00e1rci p\u0159isp\u011bt na t\u011b\u017ece zrakov\u011b posti\u017een\u00e9.\u00a0 V\u00edce o tradi\u010dn\u00edm celorepublikov\u00e9m projektu Nada\u010dn\u00edho fondu \u010cesk\u00e9ho rozhlasu. https:\/\/svetluska.rozhlas.cz\/ \u00a0\" \/>\n<meta property=\"og:url\" content=\"http:\/\/mk.mkskynsperk.cz\/wordpress\/2021\/09\/08\/sbirkove-dny-svetlusky\/\" \/>\n<meta property=\"og:site_name\" content=\"M\u011bstsk\u00e1 knihovna\" \/>\n<meta property=\"article:published_time\" content=\"2021-09-08T12:40:19+00:00\" \/>\n<meta property=\"og:image\" content=\"http:\/\/mk.mkskynsperk.cz\/wordpress\/wp-content\/uploads\/2017\/09\/logo-kniha-e1505112566526.png\" \/>\n\t<meta property=\"og:image:width\" content=\"160\" \/>\n\t<meta property=\"og:image:height\" content=\"148\" \/>\n<meta name=\"twitter:card\" content=\"summary\" \/>\n<meta name=\"twitter:label1\" content=\"Napsal(a)\" \/>\n\t<meta name=\"twitter:data1\" content=\"Knihovna\" \/>\n<script type=\"application\/ld+json\" class=\"yoast-schema-graph\">{\"@context\":\"https:\/\/schema.org\",\"@graph\":[{\"@type\":\"WebSite\",\"@id\":\"http:\/\/mk.mkskynsperk.cz\/wordpress\/#website\",\"url\":\"http:\/\/mk.mkskynsperk.cz\/wordpress\/\",\"name\":\"M\\u011bstsk\\u00e1 knihovna\",\"description\":\"Kyn\\u0161perk nad Oh\\u0159\\u00ed\",\"potentialAction\":[{\"@type\":\"SearchAction\",\"target\":{\"@type\":\"EntryPoint\",\"urlTemplate\":\"http:\/\/mk.mkskynsperk.cz\/wordpress\/?s={search_term_string}\"},\"query-input\":\"required name=search_term_string\"}],\"inLanguage\":\"cs-CZ\"},{\"@type\":\"ImageObject\",\"@id\":\"http:\/\/mk.mkskynsperk.cz\/wordpress\/2021\/09\/08\/sbirkove-dny-svetlusky\/#primaryimage\",\"inLanguage\":\"cs-CZ\",\"url\":\"http:\/\/mk.mkskynsperk.cz\/wordpress\/wp-content\/uploads\/2017\/09\/logo-kniha-e1505112566526.png\",\"contentUrl\":\"http:\/\/mk.mkskynsperk.cz\/wordpress\/wp-content\/uploads\/2017\/09\/logo-kniha-e1505112566526.png\",\"width\":160,\"height\":148},{\"@type\":\"WebPage\",\"@id\":\"http:\/\/mk.mkskynsperk.cz\/wordpress\/2021\/09\/08\/sbirkove-dny-svetlusky\/#webpage\",\"url\":\"http:\/\/mk.mkskynsperk.cz\/wordpress\/2021\/09\/08\/sbirkove-dny-svetlusky\/\",\"name\":\"Sb\\u00edrkov\\u00e9 dny Sv\\u011btlu\\u0161ky - M\\u011bstsk\\u00e1 knihovna\",\"isPartOf\":{\"@id\":\"http:\/\/mk.mkskynsperk.cz\/wordpress\/#website\"},\"primaryImageOfPage\":{\"@id\":\"http:\/\/mk.mkskynsperk.cz\/wordpress\/2021\/09\/08\/sbirkove-dny-svetlusky\/#primaryimage\"},\"datePublished\":\"2021-09-08T12:40:19+00:00\",\"dateModified\":\"2021-09-08T12:40:19+00:00\",\"author\":{\"@id\":\"http:\/\/mk.mkskynsperk.cz\/wordpress\/#\/schema\/person\/3021a6b2c04122f2fcb5014b8a03d989\"},\"breadcrumb\":{\"@id\":\"http:\/\/mk.mkskynsperk.cz\/wordpress\/2021\/09\/08\/sbirkove-dny-svetlusky\/#breadcrumb\"},\"inLanguage\":\"cs-CZ\",\"potentialAction\":[{\"@type\":\"ReadAction\",\"target\":[\"http:\/\/mk.mkskynsperk.cz\/wordpress\/2021\/09\/08\/sbirkove-dny-svetlusky\/\"]}]},{\"@type\":\"BreadcrumbList\",\"@id\":\"http:\/\/mk.mkskynsperk.cz\/wordpress\/2021\/09\/08\/sbirkove-dny-svetlusky\/#breadcrumb\",\"itemListElement\":[{\"@type\":\"ListItem\",\"position\":1,\"name\":\"Dom\\u016f\",\"item\":\"http:\/\/mk.mkskynsperk.cz\/wordpress\/\"},{\"@type\":\"ListItem\",\"position\":2,\"name\":\"Sb\\u00edrkov\\u00e9 dny Sv\\u011btlu\\u0161ky\"}]},{\"@type\":\"Person\",\"@id\":\"http:\/\/mk.mkskynsperk.cz\/wordpress\/#\/schema\/person\/3021a6b2c04122f2fcb5014b8a03d989\",\"name\":\"Knihovna\",\"image\":{\"@type\":\"ImageObject\",\"@id\":\"http:\/\/mk.mkskynsperk.cz\/wordpress\/#personlogo\",\"inLanguage\":\"cs-CZ\",\"url\":\"https:\/\/secure.gravatar.com\/avatar\/93bda8727c2d3275f68a1f189b0f9ce45df309a9ec99b482936301b3df8008d1?s=96&d=mm&r=g\",\"contentUrl\":\"https:\/\/secure.gravatar.com\/avatar\/93bda8727c2d3275f68a1f189b0f9ce45df309a9ec99b482936301b3df8008d1?s=96&d=mm&r=g\",\"caption\":\"Knihovna\"}}]}<\/script>\n<!-- \/ Yoast SEO plugin. -->","yoast_head_json":{"title":"Sb\u00edrkov\u00e9 dny Sv\u011btlu\u0161ky - M\u011bstsk\u00e1 knihovna","robots":{"index":"index","follow":"follow","max-snippet":"max-snippet:-1","max-image-preview":"max-image-preview:large","max-video-preview":"max-video-preview:-1"},"canonical":"http:\/\/mk.mkskynsperk.cz\/wordpress\/2021\/09\/08\/sbirkove-dny-svetlusky\/","og_locale":"cs_CZ","og_type":"article","og_title":"Sb\u00edrkov\u00e9 dny Sv\u011btlu\u0161ky - M\u011bstsk\u00e1 knihovna","og_description":"Sb\u00edrkov\u00e9 dny Sv\u011btlu\u0161ky K podpo\u0159e zrakov\u011b posti\u017een\u00fdch Kdy: 6.9.2021\u00a0&#8211;\u00a029.10.2021 Kde: M\u011bstsk\u00e1 knihovna Zakoupen\u00edm sb\u00edrkov\u00fdch p\u0159edm\u011bt\u016f v na\u0161\u00ed knihovn\u011b mohou d\u00e1rci p\u0159isp\u011bt na t\u011b\u017ece zrakov\u011b posti\u017een\u00e9.\u00a0 V\u00edce o tradi\u010dn\u00edm celorepublikov\u00e9m projektu Nada\u010dn\u00edho fondu \u010cesk\u00e9ho rozhlasu. https:\/\/svetluska.rozhlas.cz\/ \u00a0","og_url":"http:\/\/mk.mkskynsperk.cz\/wordpress\/2021\/09\/08\/sbirkove-dny-svetlusky\/","og_site_name":"M\u011bstsk\u00e1 knihovna","article_published_time":"2021-09-08T12:40:19+00:00","og_image":[{"width":160,"height":148,"url":"http:\/\/mk.mkskynsperk.cz\/wordpress\/wp-content\/uploads\/2017\/09\/logo-kniha-e1505112566526.png","type":"image\/png"}],"twitter_card":"summary","twitter_misc":{"Napsal(a)":"Knihovna"},"schema":{"@context":"https:\/\/schema.org","@graph":[{"@type":"WebSite","@id":"http:\/\/mk.mkskynsperk.cz\/wordpress\/#website","url":"http:\/\/mk.mkskynsperk.cz\/wordpress\/","name":"M\u011bstsk\u00e1 knihovna","description":"Kyn\u0161perk nad Oh\u0159\u00ed","potentialAction":[{"@type":"SearchAction","target":{"@type":"EntryPoint","urlTemplate":"http:\/\/mk.mkskynsperk.cz\/wordpress\/?s={search_term_string}"},"query-input":"required name=search_term_string"}],"inLanguage":"cs-CZ"},{"@type":"ImageObject","@id":"http:\/\/mk.mkskynsperk.cz\/wordpress\/2021\/09\/08\/sbirkove-dny-svetlusky\/#primaryimage","inLanguage":"cs-CZ","url":"http:\/\/mk.mkskynsperk.cz\/wordpress\/wp-content\/uploads\/2017\/09\/logo-kniha-e1505112566526.png","contentUrl":"http:\/\/mk.mkskynsperk.cz\/wordpress\/wp-content\/uploads\/2017\/09\/logo-kniha-e1505112566526.png","width":160,"height":148},{"@type":"WebPage","@id":"http:\/\/mk.mkskynsperk.cz\/wordpress\/2021\/09\/08\/sbirkove-dny-svetlusky\/#webpage","url":"http:\/\/mk.mkskynsperk.cz\/wordpress\/2021\/09\/08\/sbirkove-dny-svetlusky\/","name":"Sb\u00edrkov\u00e9 dny Sv\u011btlu\u0161ky - M\u011bstsk\u00e1 knihovna","isPartOf":{"@id":"http:\/\/mk.mkskynsperk.cz\/wordpress\/#website"},"primaryImageOfPage":{"@id":"http:\/\/mk.mkskynsperk.cz\/wordpress\/2021\/09\/08\/sbirkove-dny-svetlusky\/#primaryimage"},"datePublished":"2021-09-08T12:40:19+00:00","dateModified":"2021-09-08T12:40:19+00:00","author":{"@id":"http:\/\/mk.mkskynsperk.cz\/wordpress\/#\/schema\/person\/3021a6b2c04122f2fcb5014b8a03d989"},"breadcrumb":{"@id":"http:\/\/mk.mkskynsperk.cz\/wordpress\/2021\/09\/08\/sbirkove-dny-svetlusky\/#breadcrumb"},"inLanguage":"cs-CZ","potentialAction":[{"@type":"ReadAction","target":["http:\/\/mk.mkskynsperk.cz\/wordpress\/2021\/09\/08\/sbirkove-dny-svetlusky\/"]}]},{"@type":"BreadcrumbList","@id":"http:\/\/mk.mkskynsperk.cz\/wordpress\/2021\/09\/08\/sbirkove-dny-svetlusky\/#breadcrumb","itemListElement":[{"@type":"ListItem","position":1,"name":"Dom\u016f","item":"http:\/\/mk.mkskynsperk.cz\/wordpress\/"},{"@type":"ListItem","position":2,"name":"Sb\u00edrkov\u00e9 dny Sv\u011btlu\u0161ky"}]},{"@type":"Person","@id":"http:\/\/mk.mkskynsperk.cz\/wordpress\/#\/schema\/person\/3021a6b2c04122f2fcb5014b8a03d989","name":"Knihovna","image":{"@type":"ImageObject","@id":"http:\/\/mk.mkskynsperk.cz\/wordpress\/#personlogo","inLanguage":"cs-CZ","url":"https:\/\/secure.gravatar.com\/avatar\/93bda8727c2d3275f68a1f189b0f9ce45df309a9ec99b482936301b3df8008d1?s=96&d=mm&r=g","contentUrl":"https:\/\/secure.gravatar.com\/avatar\/93bda8727c2d3275f68a1f189b0f9ce45df309a9ec99b482936301b3df8008d1?s=96&d=mm&r=g","caption":"Knihovna"}}]}},"_links":{"self":[{"href":"http:\/\/mk.mkskynsperk.cz\/wordpress\/wp-json\/wp\/v2\/posts\/851","targetHints":{"allow":["GET"]}}],"collection":[{"href":"http:\/\/mk.mkskynsperk.cz\/wordpress\/wp-json\/wp\/v2\/posts"}],"about":[{"href":"http:\/\/mk.mkskynsperk.cz\/wordpress\/wp-json\/wp\/v2\/types\/post"}],"author":[{"embeddable":true,"href":"http:\/\/mk.mkskynsperk.cz\/wordpress\/wp-json\/wp\/v2\/users\/2"}],"replies":[{"embeddable":true,"href":"http:\/\/mk.mkskynsperk.cz\/wordpress\/wp-json\/wp\/v2\/comments?post=851"}],"version-history":[{"count":1,"href":"http:\/\/mk.mkskynsperk.cz\/wordpress\/wp-json\/wp\/v2\/posts\/851\/revisions"}],"predecessor-version":[{"id":852,"href":"http:\/\/mk.mkskynsperk.cz\/wordpress\/wp-json\/wp\/v2\/posts\/851\/revisions\/852"}],"wp:featuredmedia":[{"embeddable":true,"href":"http:\/\/mk.mkskynsperk.cz\/wordpress\/wp-json\/wp\/v2\/media\/41"}],"wp:attachment":[{"href":"http:\/\/mk.mkskynsperk.cz\/wordpress\/wp-json\/wp\/v2\/media?parent=851"}],"wp:term":[{"taxonomy":"category","embeddable":true,"href":"http:\/\/mk.mkskynsperk.cz\/wordpress\/wp-json\/wp\/v2\/categories?post=851"},{"taxonomy":"post_tag","embeddable":true,"href":"http:\/\/mk.mkskynsperk.cz\/wordpress\/wp-json\/wp\/v2\/tags?post=851"}],"curies":[{"name":"wp","href":"https:\/\/api.w.org\/{rel}","templated":true}]}}