{"id":847,"date":"2021-08-31T11:06:03","date_gmt":"2021-08-31T09:06:03","guid":{"rendered":"http:\/\/mk.mkskynsperk.cz\/wordpress\/?p=847"},"modified":"2021-08-31T11:06:03","modified_gmt":"2021-08-31T09:06:03","slug":"rijen-mesic-vecernicku","status":"publish","type":"post","link":"http:\/\/mk.mkskynsperk.cz\/wordpress\/2021\/08\/31\/rijen-mesic-vecernicku\/","title":{"rendered":"\u0158\u00edjen &#8211; M\u011bs\u00edc ve\u010dern\u00ed\u010dk\u016f"},"content":{"rendered":"<p>V sobotu 16. \u0159\u00edjna 2021 od 14.00 hod. v knihovn\u011b bude beseda o poh\u00e1dk\u00e1ch z ve\u010dern\u00ed\u010dk\u016f. Budeme si vypr\u00e1v\u011bt a poslouchat r\u016fzn\u00e9 p\u0159\u00edb\u011bhy.<\/p>\n<p>P\u0159i besed\u011b si namalujete postavi\u010dky z va\u0161ich obl\u00edben\u00fdch ve\u010dern\u00ed\u010dk\u016f a odnesete si kr\u00e1sn\u00fd d\u00e1rek.<\/p>\n<p>Obr\u00e1zky budou vystaveny v knihovn\u011b.<\/p>\n","protected":false},"excerpt":{"rendered":"<p>V sobotu 16. \u0159\u00edjna 2021 od 14.00 hod. v knihovn\u011b bude beseda o poh\u00e1dk\u00e1ch z ve\u010dern\u00ed\u010dk\u016f. Budeme si vypr\u00e1v\u011bt a poslouchat r\u016fzn\u00e9 p\u0159\u00edb\u011bhy. P\u0159i besed\u011b si namalujete postavi\u010dky z va\u0161ich obl\u00edben\u00fdch ve\u010dern\u00ed\u010dk\u016f a odnesete si kr\u00e1sn\u00fd d\u00e1rek. Obr\u00e1zky budou vystaveny v knihovn\u011b.<\/p>\n","protected":false},"author":2,"featured_media":41,"comment_status":"open","ping_status":"open","sticky":false,"template":"","format":"standard","meta":{"footnotes":"","_links_to":"","_links_to_target":""},"categories":[25],"tags":[],"class_list":["post-847","post","type-post","status-publish","format-standard","has-post-thumbnail","hentry","category-akce"],"yoast_head":"<!-- This site is optimized with the Yoast SEO plugin v17.8 - https:\/\/yoast.com\/wordpress\/plugins\/seo\/ -->\n<title>\u0158\u00edjen - M\u011bs\u00edc ve\u010dern\u00ed\u010dk\u016f - M\u011bstsk\u00e1 knihovna<\/title>\n<meta name=\"robots\" content=\"index, follow, max-snippet:-1, max-image-preview:large, max-video-preview:-1\" \/>\n<link rel=\"canonical\" href=\"http:\/\/mk.mkskynsperk.cz\/wordpress\/2021\/08\/31\/rijen-mesic-vecernicku\/\" \/>\n<meta property=\"og:locale\" content=\"cs_CZ\" \/>\n<meta property=\"og:type\" content=\"article\" \/>\n<meta property=\"og:title\" content=\"\u0158\u00edjen - M\u011bs\u00edc ve\u010dern\u00ed\u010dk\u016f - M\u011bstsk\u00e1 knihovna\" \/>\n<meta property=\"og:description\" content=\"V sobotu 16. \u0159\u00edjna 2021 od 14.00 hod. v knihovn\u011b bude beseda o poh\u00e1dk\u00e1ch z ve\u010dern\u00ed\u010dk\u016f. Budeme si vypr\u00e1v\u011bt a poslouchat r\u016fzn\u00e9 p\u0159\u00edb\u011bhy. P\u0159i besed\u011b si namalujete postavi\u010dky z va\u0161ich obl\u00edben\u00fdch ve\u010dern\u00ed\u010dk\u016f a odnesete si kr\u00e1sn\u00fd d\u00e1rek. Obr\u00e1zky budou vystaveny v knihovn\u011b.\" \/>\n<meta property=\"og:url\" content=\"http:\/\/mk.mkskynsperk.cz\/wordpress\/2021\/08\/31\/rijen-mesic-vecernicku\/\" \/>\n<meta property=\"og:site_name\" content=\"M\u011bstsk\u00e1 knihovna\" \/>\n<meta property=\"article:published_time\" content=\"2021-08-31T09:06:03+00:00\" \/>\n<meta property=\"og:image\" content=\"http:\/\/mk.mkskynsperk.cz\/wordpress\/wp-content\/uploads\/2017\/09\/logo-kniha-e1505112566526.png\" \/>\n\t<meta property=\"og:image:width\" content=\"160\" \/>\n\t<meta property=\"og:image:height\" content=\"148\" \/>\n<meta name=\"twitter:card\" content=\"summary\" \/>\n<meta name=\"twitter:label1\" content=\"Napsal(a)\" \/>\n\t<meta name=\"twitter:data1\" content=\"Knihovna\" \/>\n<script type=\"application\/ld+json\" class=\"yoast-schema-graph\">{\"@context\":\"https:\/\/schema.org\",\"@graph\":[{\"@type\":\"WebSite\",\"@id\":\"http:\/\/mk.mkskynsperk.cz\/wordpress\/#website\",\"url\":\"http:\/\/mk.mkskynsperk.cz\/wordpress\/\",\"name\":\"M\\u011bstsk\\u00e1 knihovna\",\"description\":\"Kyn\\u0161perk nad Oh\\u0159\\u00ed\",\"potentialAction\":[{\"@type\":\"SearchAction\",\"target\":{\"@type\":\"EntryPoint\",\"urlTemplate\":\"http:\/\/mk.mkskynsperk.cz\/wordpress\/?s={search_term_string}\"},\"query-input\":\"required name=search_term_string\"}],\"inLanguage\":\"cs-CZ\"},{\"@type\":\"ImageObject\",\"@id\":\"http:\/\/mk.mkskynsperk.cz\/wordpress\/2021\/08\/31\/rijen-mesic-vecernicku\/#primaryimage\",\"inLanguage\":\"cs-CZ\",\"url\":\"http:\/\/mk.mkskynsperk.cz\/wordpress\/wp-content\/uploads\/2017\/09\/logo-kniha-e1505112566526.png\",\"contentUrl\":\"http:\/\/mk.mkskynsperk.cz\/wordpress\/wp-content\/uploads\/2017\/09\/logo-kniha-e1505112566526.png\",\"width\":160,\"height\":148},{\"@type\":\"WebPage\",\"@id\":\"http:\/\/mk.mkskynsperk.cz\/wordpress\/2021\/08\/31\/rijen-mesic-vecernicku\/#webpage\",\"url\":\"http:\/\/mk.mkskynsperk.cz\/wordpress\/2021\/08\/31\/rijen-mesic-vecernicku\/\",\"name\":\"\\u0158\\u00edjen - M\\u011bs\\u00edc ve\\u010dern\\u00ed\\u010dk\\u016f - M\\u011bstsk\\u00e1 knihovna\",\"isPartOf\":{\"@id\":\"http:\/\/mk.mkskynsperk.cz\/wordpress\/#website\"},\"primaryImageOfPage\":{\"@id\":\"http:\/\/mk.mkskynsperk.cz\/wordpress\/2021\/08\/31\/rijen-mesic-vecernicku\/#primaryimage\"},\"datePublished\":\"2021-08-31T09:06:03+00:00\",\"dateModified\":\"2021-08-31T09:06:03+00:00\",\"author\":{\"@id\":\"http:\/\/mk.mkskynsperk.cz\/wordpress\/#\/schema\/person\/3021a6b2c04122f2fcb5014b8a03d989\"},\"breadcrumb\":{\"@id\":\"http:\/\/mk.mkskynsperk.cz\/wordpress\/2021\/08\/31\/rijen-mesic-vecernicku\/#breadcrumb\"},\"inLanguage\":\"cs-CZ\",\"potentialAction\":[{\"@type\":\"ReadAction\",\"target\":[\"http:\/\/mk.mkskynsperk.cz\/wordpress\/2021\/08\/31\/rijen-mesic-vecernicku\/\"]}]},{\"@type\":\"BreadcrumbList\",\"@id\":\"http:\/\/mk.mkskynsperk.cz\/wordpress\/2021\/08\/31\/rijen-mesic-vecernicku\/#breadcrumb\",\"itemListElement\":[{\"@type\":\"ListItem\",\"position\":1,\"name\":\"Dom\\u016f\",\"item\":\"http:\/\/mk.mkskynsperk.cz\/wordpress\/\"},{\"@type\":\"ListItem\",\"position\":2,\"name\":\"\\u0158\\u00edjen &#8211; M\\u011bs\\u00edc ve\\u010dern\\u00ed\\u010dk\\u016f\"}]},{\"@type\":\"Person\",\"@id\":\"http:\/\/mk.mkskynsperk.cz\/wordpress\/#\/schema\/person\/3021a6b2c04122f2fcb5014b8a03d989\",\"name\":\"Knihovna\",\"image\":{\"@type\":\"ImageObject\",\"@id\":\"http:\/\/mk.mkskynsperk.cz\/wordpress\/#personlogo\",\"inLanguage\":\"cs-CZ\",\"url\":\"https:\/\/secure.gravatar.com\/avatar\/93bda8727c2d3275f68a1f189b0f9ce45df309a9ec99b482936301b3df8008d1?s=96&d=mm&r=g\",\"contentUrl\":\"https:\/\/secure.gravatar.com\/avatar\/93bda8727c2d3275f68a1f189b0f9ce45df309a9ec99b482936301b3df8008d1?s=96&d=mm&r=g\",\"caption\":\"Knihovna\"}}]}<\/script>\n<!-- \/ Yoast SEO plugin. -->","yoast_head_json":{"title":"\u0158\u00edjen - M\u011bs\u00edc ve\u010dern\u00ed\u010dk\u016f - M\u011bstsk\u00e1 knihovna","robots":{"index":"index","follow":"follow","max-snippet":"max-snippet:-1","max-image-preview":"max-image-preview:large","max-video-preview":"max-video-preview:-1"},"canonical":"http:\/\/mk.mkskynsperk.cz\/wordpress\/2021\/08\/31\/rijen-mesic-vecernicku\/","og_locale":"cs_CZ","og_type":"article","og_title":"\u0158\u00edjen - M\u011bs\u00edc ve\u010dern\u00ed\u010dk\u016f - M\u011bstsk\u00e1 knihovna","og_description":"V sobotu 16. \u0159\u00edjna 2021 od 14.00 hod. v knihovn\u011b bude beseda o poh\u00e1dk\u00e1ch z ve\u010dern\u00ed\u010dk\u016f. Budeme si vypr\u00e1v\u011bt a poslouchat r\u016fzn\u00e9 p\u0159\u00edb\u011bhy. P\u0159i besed\u011b si namalujete postavi\u010dky z va\u0161ich obl\u00edben\u00fdch ve\u010dern\u00ed\u010dk\u016f a odnesete si kr\u00e1sn\u00fd d\u00e1rek. Obr\u00e1zky budou vystaveny v knihovn\u011b.","og_url":"http:\/\/mk.mkskynsperk.cz\/wordpress\/2021\/08\/31\/rijen-mesic-vecernicku\/","og_site_name":"M\u011bstsk\u00e1 knihovna","article_published_time":"2021-08-31T09:06:03+00:00","og_image":[{"width":160,"height":148,"url":"http:\/\/mk.mkskynsperk.cz\/wordpress\/wp-content\/uploads\/2017\/09\/logo-kniha-e1505112566526.png","type":"image\/png"}],"twitter_card":"summary","twitter_misc":{"Napsal(a)":"Knihovna"},"schema":{"@context":"https:\/\/schema.org","@graph":[{"@type":"WebSite","@id":"http:\/\/mk.mkskynsperk.cz\/wordpress\/#website","url":"http:\/\/mk.mkskynsperk.cz\/wordpress\/","name":"M\u011bstsk\u00e1 knihovna","description":"Kyn\u0161perk nad Oh\u0159\u00ed","potentialAction":[{"@type":"SearchAction","target":{"@type":"EntryPoint","urlTemplate":"http:\/\/mk.mkskynsperk.cz\/wordpress\/?s={search_term_string}"},"query-input":"required name=search_term_string"}],"inLanguage":"cs-CZ"},{"@type":"ImageObject","@id":"http:\/\/mk.mkskynsperk.cz\/wordpress\/2021\/08\/31\/rijen-mesic-vecernicku\/#primaryimage","inLanguage":"cs-CZ","url":"http:\/\/mk.mkskynsperk.cz\/wordpress\/wp-content\/uploads\/2017\/09\/logo-kniha-e1505112566526.png","contentUrl":"http:\/\/mk.mkskynsperk.cz\/wordpress\/wp-content\/uploads\/2017\/09\/logo-kniha-e1505112566526.png","width":160,"height":148},{"@type":"WebPage","@id":"http:\/\/mk.mkskynsperk.cz\/wordpress\/2021\/08\/31\/rijen-mesic-vecernicku\/#webpage","url":"http:\/\/mk.mkskynsperk.cz\/wordpress\/2021\/08\/31\/rijen-mesic-vecernicku\/","name":"\u0158\u00edjen - M\u011bs\u00edc ve\u010dern\u00ed\u010dk\u016f - M\u011bstsk\u00e1 knihovna","isPartOf":{"@id":"http:\/\/mk.mkskynsperk.cz\/wordpress\/#website"},"primaryImageOfPage":{"@id":"http:\/\/mk.mkskynsperk.cz\/wordpress\/2021\/08\/31\/rijen-mesic-vecernicku\/#primaryimage"},"datePublished":"2021-08-31T09:06:03+00:00","dateModified":"2021-08-31T09:06:03+00:00","author":{"@id":"http:\/\/mk.mkskynsperk.cz\/wordpress\/#\/schema\/person\/3021a6b2c04122f2fcb5014b8a03d989"},"breadcrumb":{"@id":"http:\/\/mk.mkskynsperk.cz\/wordpress\/2021\/08\/31\/rijen-mesic-vecernicku\/#breadcrumb"},"inLanguage":"cs-CZ","potentialAction":[{"@type":"ReadAction","target":["http:\/\/mk.mkskynsperk.cz\/wordpress\/2021\/08\/31\/rijen-mesic-vecernicku\/"]}]},{"@type":"BreadcrumbList","@id":"http:\/\/mk.mkskynsperk.cz\/wordpress\/2021\/08\/31\/rijen-mesic-vecernicku\/#breadcrumb","itemListElement":[{"@type":"ListItem","position":1,"name":"Dom\u016f","item":"http:\/\/mk.mkskynsperk.cz\/wordpress\/"},{"@type":"ListItem","position":2,"name":"\u0158\u00edjen &#8211; M\u011bs\u00edc ve\u010dern\u00ed\u010dk\u016f"}]},{"@type":"Person","@id":"http:\/\/mk.mkskynsperk.cz\/wordpress\/#\/schema\/person\/3021a6b2c04122f2fcb5014b8a03d989","name":"Knihovna","image":{"@type":"ImageObject","@id":"http:\/\/mk.mkskynsperk.cz\/wordpress\/#personlogo","inLanguage":"cs-CZ","url":"https:\/\/secure.gravatar.com\/avatar\/93bda8727c2d3275f68a1f189b0f9ce45df309a9ec99b482936301b3df8008d1?s=96&d=mm&r=g","contentUrl":"https:\/\/secure.gravatar.com\/avatar\/93bda8727c2d3275f68a1f189b0f9ce45df309a9ec99b482936301b3df8008d1?s=96&d=mm&r=g","caption":"Knihovna"}}]}},"_links":{"self":[{"href":"http:\/\/mk.mkskynsperk.cz\/wordpress\/wp-json\/wp\/v2\/posts\/847","targetHints":{"allow":["GET"]}}],"collection":[{"href":"http:\/\/mk.mkskynsperk.cz\/wordpress\/wp-json\/wp\/v2\/posts"}],"about":[{"href":"http:\/\/mk.mkskynsperk.cz\/wordpress\/wp-json\/wp\/v2\/types\/post"}],"author":[{"embeddable":true,"href":"http:\/\/mk.mkskynsperk.cz\/wordpress\/wp-json\/wp\/v2\/users\/2"}],"replies":[{"embeddable":true,"href":"http:\/\/mk.mkskynsperk.cz\/wordpress\/wp-json\/wp\/v2\/comments?post=847"}],"version-history":[{"count":1,"href":"http:\/\/mk.mkskynsperk.cz\/wordpress\/wp-json\/wp\/v2\/posts\/847\/revisions"}],"predecessor-version":[{"id":848,"href":"http:\/\/mk.mkskynsperk.cz\/wordpress\/wp-json\/wp\/v2\/posts\/847\/revisions\/848"}],"wp:featuredmedia":[{"embeddable":true,"href":"http:\/\/mk.mkskynsperk.cz\/wordpress\/wp-json\/wp\/v2\/media\/41"}],"wp:attachment":[{"href":"http:\/\/mk.mkskynsperk.cz\/wordpress\/wp-json\/wp\/v2\/media?parent=847"}],"wp:term":[{"taxonomy":"category","embeddable":true,"href":"http:\/\/mk.mkskynsperk.cz\/wordpress\/wp-json\/wp\/v2\/categories?post=847"},{"taxonomy":"post_tag","embeddable":true,"href":"http:\/\/mk.mkskynsperk.cz\/wordpress\/wp-json\/wp\/v2\/tags?post=847"}],"curies":[{"name":"wp","href":"https:\/\/api.w.org\/{rel}","templated":true}]}}