{"id":1066,"date":"2022-12-01T08:48:08","date_gmt":"2022-12-01T07:48:08","guid":{"rendered":"http:\/\/mk.mkskynsperk.cz\/wordpress\/?p=1066"},"modified":"2022-12-01T08:52:07","modified_gmt":"2022-12-01T07:52:07","slug":"ctenarske-kompetence-deti","status":"publish","type":"post","link":"http:\/\/mk.mkskynsperk.cz\/wordpress\/2022\/12\/01\/ctenarske-kompetence-deti\/","title":{"rendered":"\u010cten\u00e1\u0159sk\u00e9 kompetence d\u011bt\u00ed"},"content":{"rendered":"<p>&nbsp;<\/p>\n<h1 class=\"util-h1\">\u010cten\u00e1\u0159sk\u00e1 gramotnost u d\u011bt\u00ed: Jak lehce nau\u010dit d\u00edt\u011b \u010d\u00edst<\/h1>\n<p>Um\u011bt \u010d\u00edst je z\u00e1kladn\u00ed dovednost, kter\u00e1 d\u011bti prov\u00e1z\u00ed cel\u00fdm \u017eivotem, a proto bychom d\u011bti m\u011bli\u00a0<strong>p\u0159i \u010dten\u00ed podporovat<\/strong>. Ji\u017e od p\u0159ed\u0161koln\u00edho v\u011bku si d\u011bti postupn\u011b osvojuj\u00ed r\u016fzn\u00e9 schopnosti, kter\u00e9 jim v budoucnosti \u010dten\u00ed usnad\u0148uje. Jedn\u00e1 se nejen o kognitivn\u00ed dovednosti, jako je nap\u0159\u00edklad kreativita, soust\u0159ed\u011bnost nebo podpora slovn\u00ed z\u00e1soby, ale tak\u00e9 pozitivn\u011b<strong>\u00a0p\u0159isp\u00edvaj\u00ed ke zdrav\u00ed d\u00edt\u011bte<\/strong>\u00a0\u2013 pom\u00e1haj\u00ed sn\u00ed\u017eit stres a d\u00edt\u011b zklid\u0148uj\u00ed.<\/p>\n<p>&nbsp;<\/p>\n<p><strong>https:\/\/www.c-and-a.com\/eu\/cz\/shop\/ctenarska-gramotnost<\/strong><\/p>\n","protected":false},"excerpt":{"rendered":"<p>&nbsp; \u010cten\u00e1\u0159sk\u00e1 gramotnost u d\u011bt\u00ed: Jak lehce nau\u010dit d\u00edt\u011b \u010d\u00edst Um\u011bt \u010d\u00edst je z\u00e1kladn\u00ed dovednost, kter\u00e1 d\u011bti prov\u00e1z\u00ed cel\u00fdm \u017eivotem, a proto bychom d\u011bti m\u011bli\u00a0p\u0159i \u010dten\u00ed podporovat. Ji\u017e od p\u0159ed\u0161koln\u00edho v\u011bku si d\u011bti postupn\u011b osvojuj\u00ed r\u016fzn\u00e9 schopnosti, kter\u00e9 jim v budoucnosti \u010dten\u00ed usnad\u0148uje. Jedn\u00e1 se nejen o kognitivn\u00ed dovednosti, jako \u2026<\/p>\n","protected":false},"author":2,"featured_media":41,"comment_status":"open","ping_status":"open","sticky":false,"template":"","format":"standard","meta":{"footnotes":"","_links_to":"","_links_to_target":""},"categories":[6,23],"tags":[],"class_list":["post-1066","post","type-post","status-publish","format-standard","has-post-thumbnail","hentry","category-aktuality","category-odkazy"],"yoast_head":"<!-- This site is optimized with the Yoast SEO plugin v17.8 - https:\/\/yoast.com\/wordpress\/plugins\/seo\/ -->\n<title>\u010cten\u00e1\u0159sk\u00e9 kompetence d\u011bt\u00ed - M\u011bstsk\u00e1 knihovna<\/title>\n<meta name=\"description\" content=\"\u010cten\u00e1\u0159sk\u00e1 gramotnost u d\u011bt\u00ed: Jak lehce nau\u010dit d\u00edt\u011b \u010d\u00edstUm\u011bt \u010d\u00edst je z\u00e1kladn\u00ed dovednost, kter\u00e1 d\u011bti prov\u00e1z\u00ed cel\u00fdm \u017eivotem, a proto bychom d\u011bti m\u011bli p\u0159i \u010dten\u00ed podporovat. Ji\u017e od p\u0159ed\u0161koln\u00edho v\u011bku si d\u011bti postupn\u011b osvojuj\u00ed r\u016fzn\u00e9 schopnosti, kter\u00e9 jim v budoucnosti \u010dten\u00ed usnad\u0148uje. Jedn\u00e1 se nejen o kognitivn\u00ed dovednosti, jako je nap\u0159\u00edklad kreativita, soust\u0159ed\u011bnost nebo podpora slovn\u00ed z\u00e1soby, ale tak\u00e9 pozitivn\u011b p\u0159isp\u00edvaj\u00ed ke zdrav\u00ed d\u00edt\u011bte \u2013 pom\u00e1haj\u00ed sn\u00ed\u017eit stres a d\u00edt\u011b zklid\u0148uj\u00ed.\" \/>\n<meta name=\"robots\" content=\"index, follow, max-snippet:-1, max-image-preview:large, max-video-preview:-1\" \/>\n<link rel=\"canonical\" href=\"http:\/\/mk.mkskynsperk.cz\/wordpress\/2022\/12\/01\/ctenarske-kompetence-deti\/\" \/>\n<meta property=\"og:locale\" content=\"cs_CZ\" \/>\n<meta property=\"og:type\" content=\"article\" \/>\n<meta property=\"og:title\" content=\"\u010cten\u00e1\u0159sk\u00e9 kompetence d\u011bt\u00ed - M\u011bstsk\u00e1 knihovna\" \/>\n<meta property=\"og:description\" content=\"\u010cten\u00e1\u0159sk\u00e1 gramotnost u d\u011bt\u00ed: Jak lehce nau\u010dit d\u00edt\u011b \u010d\u00edstUm\u011bt \u010d\u00edst je z\u00e1kladn\u00ed dovednost, kter\u00e1 d\u011bti prov\u00e1z\u00ed cel\u00fdm \u017eivotem, a proto bychom d\u011bti m\u011bli p\u0159i \u010dten\u00ed podporovat. Ji\u017e od p\u0159ed\u0161koln\u00edho v\u011bku si d\u011bti postupn\u011b osvojuj\u00ed r\u016fzn\u00e9 schopnosti, kter\u00e9 jim v budoucnosti \u010dten\u00ed usnad\u0148uje. Jedn\u00e1 se nejen o kognitivn\u00ed dovednosti, jako je nap\u0159\u00edklad kreativita, soust\u0159ed\u011bnost nebo podpora slovn\u00ed z\u00e1soby, ale tak\u00e9 pozitivn\u011b p\u0159isp\u00edvaj\u00ed ke zdrav\u00ed d\u00edt\u011bte \u2013 pom\u00e1haj\u00ed sn\u00ed\u017eit stres a d\u00edt\u011b zklid\u0148uj\u00ed.\" \/>\n<meta property=\"og:url\" content=\"http:\/\/mk.mkskynsperk.cz\/wordpress\/2022\/12\/01\/ctenarske-kompetence-deti\/\" \/>\n<meta property=\"og:site_name\" content=\"M\u011bstsk\u00e1 knihovna\" \/>\n<meta property=\"article:published_time\" content=\"2022-12-01T07:48:08+00:00\" \/>\n<meta property=\"article:modified_time\" content=\"2022-12-01T07:52:07+00:00\" \/>\n<meta property=\"og:image\" content=\"http:\/\/mk.mkskynsperk.cz\/wordpress\/wp-content\/uploads\/2017\/09\/logo-kniha-e1505112566526.png\" \/>\n\t<meta property=\"og:image:width\" content=\"160\" \/>\n\t<meta property=\"og:image:height\" content=\"148\" \/>\n<meta name=\"twitter:card\" content=\"summary\" \/>\n<meta name=\"twitter:label1\" content=\"Napsal(a)\" \/>\n\t<meta name=\"twitter:data1\" content=\"Knihovna\" \/>\n\t<meta name=\"twitter:label2\" content=\"Odhadovan\u00e1 doba \u010dten\u00ed\" \/>\n\t<meta name=\"twitter:data2\" content=\"1 minute\" \/>\n<script type=\"application\/ld+json\" class=\"yoast-schema-graph\">{\"@context\":\"https:\/\/schema.org\",\"@graph\":[{\"@type\":\"WebSite\",\"@id\":\"http:\/\/mk.mkskynsperk.cz\/wordpress\/#website\",\"url\":\"http:\/\/mk.mkskynsperk.cz\/wordpress\/\",\"name\":\"M\\u011bstsk\\u00e1 knihovna\",\"description\":\"Kyn\\u0161perk nad Oh\\u0159\\u00ed\",\"potentialAction\":[{\"@type\":\"SearchAction\",\"target\":{\"@type\":\"EntryPoint\",\"urlTemplate\":\"http:\/\/mk.mkskynsperk.cz\/wordpress\/?s={search_term_string}\"},\"query-input\":\"required name=search_term_string\"}],\"inLanguage\":\"cs-CZ\"},{\"@type\":\"ImageObject\",\"@id\":\"http:\/\/mk.mkskynsperk.cz\/wordpress\/2022\/12\/01\/ctenarske-kompetence-deti\/#primaryimage\",\"inLanguage\":\"cs-CZ\",\"url\":\"http:\/\/mk.mkskynsperk.cz\/wordpress\/wp-content\/uploads\/2017\/09\/logo-kniha-e1505112566526.png\",\"contentUrl\":\"http:\/\/mk.mkskynsperk.cz\/wordpress\/wp-content\/uploads\/2017\/09\/logo-kniha-e1505112566526.png\",\"width\":160,\"height\":148},{\"@type\":\"WebPage\",\"@id\":\"http:\/\/mk.mkskynsperk.cz\/wordpress\/2022\/12\/01\/ctenarske-kompetence-deti\/#webpage\",\"url\":\"http:\/\/mk.mkskynsperk.cz\/wordpress\/2022\/12\/01\/ctenarske-kompetence-deti\/\",\"name\":\"\\u010cten\\u00e1\\u0159sk\\u00e9 kompetence d\\u011bt\\u00ed - M\\u011bstsk\\u00e1 knihovna\",\"isPartOf\":{\"@id\":\"http:\/\/mk.mkskynsperk.cz\/wordpress\/#website\"},\"primaryImageOfPage\":{\"@id\":\"http:\/\/mk.mkskynsperk.cz\/wordpress\/2022\/12\/01\/ctenarske-kompetence-deti\/#primaryimage\"},\"datePublished\":\"2022-12-01T07:48:08+00:00\",\"dateModified\":\"2022-12-01T07:52:07+00:00\",\"author\":{\"@id\":\"http:\/\/mk.mkskynsperk.cz\/wordpress\/#\/schema\/person\/3021a6b2c04122f2fcb5014b8a03d989\"},\"description\":\"\\u010cten\\u00e1\\u0159sk\\u00e1 gramotnost u d\\u011bt\\u00ed: Jak lehce nau\\u010dit d\\u00edt\\u011b \\u010d\\u00edstUm\\u011bt \\u010d\\u00edst je z\\u00e1kladn\\u00ed dovednost, kter\\u00e1 d\\u011bti prov\\u00e1z\\u00ed cel\\u00fdm \\u017eivotem, a proto bychom d\\u011bti m\\u011bli p\\u0159i \\u010dten\\u00ed podporovat. Ji\\u017e od p\\u0159ed\\u0161koln\\u00edho v\\u011bku si d\\u011bti postupn\\u011b osvojuj\\u00ed r\\u016fzn\\u00e9 schopnosti, kter\\u00e9 jim v budoucnosti \\u010dten\\u00ed usnad\\u0148uje. Jedn\\u00e1 se nejen o kognitivn\\u00ed dovednosti, jako je nap\\u0159\\u00edklad kreativita, soust\\u0159ed\\u011bnost nebo podpora slovn\\u00ed z\\u00e1soby, ale tak\\u00e9 pozitivn\\u011b p\\u0159isp\\u00edvaj\\u00ed ke zdrav\\u00ed d\\u00edt\\u011bte \\u2013 pom\\u00e1haj\\u00ed sn\\u00ed\\u017eit stres a d\\u00edt\\u011b zklid\\u0148uj\\u00ed.\",\"breadcrumb\":{\"@id\":\"http:\/\/mk.mkskynsperk.cz\/wordpress\/2022\/12\/01\/ctenarske-kompetence-deti\/#breadcrumb\"},\"inLanguage\":\"cs-CZ\",\"potentialAction\":[{\"@type\":\"ReadAction\",\"target\":[\"http:\/\/mk.mkskynsperk.cz\/wordpress\/2022\/12\/01\/ctenarske-kompetence-deti\/\"]}]},{\"@type\":\"BreadcrumbList\",\"@id\":\"http:\/\/mk.mkskynsperk.cz\/wordpress\/2022\/12\/01\/ctenarske-kompetence-deti\/#breadcrumb\",\"itemListElement\":[{\"@type\":\"ListItem\",\"position\":1,\"name\":\"Dom\\u016f\",\"item\":\"http:\/\/mk.mkskynsperk.cz\/wordpress\/\"},{\"@type\":\"ListItem\",\"position\":2,\"name\":\"\\u010cten\\u00e1\\u0159sk\\u00e9 kompetence d\\u011bt\\u00ed\"}]},{\"@type\":\"Person\",\"@id\":\"http:\/\/mk.mkskynsperk.cz\/wordpress\/#\/schema\/person\/3021a6b2c04122f2fcb5014b8a03d989\",\"name\":\"Knihovna\",\"image\":{\"@type\":\"ImageObject\",\"@id\":\"http:\/\/mk.mkskynsperk.cz\/wordpress\/#personlogo\",\"inLanguage\":\"cs-CZ\",\"url\":\"https:\/\/secure.gravatar.com\/avatar\/93bda8727c2d3275f68a1f189b0f9ce45df309a9ec99b482936301b3df8008d1?s=96&d=mm&r=g\",\"contentUrl\":\"https:\/\/secure.gravatar.com\/avatar\/93bda8727c2d3275f68a1f189b0f9ce45df309a9ec99b482936301b3df8008d1?s=96&d=mm&r=g\",\"caption\":\"Knihovna\"}}]}<\/script>\n<!-- \/ Yoast SEO plugin. -->","yoast_head_json":{"title":"\u010cten\u00e1\u0159sk\u00e9 kompetence d\u011bt\u00ed - M\u011bstsk\u00e1 knihovna","description":"\u010cten\u00e1\u0159sk\u00e1 gramotnost u d\u011bt\u00ed: Jak lehce nau\u010dit d\u00edt\u011b \u010d\u00edstUm\u011bt \u010d\u00edst je z\u00e1kladn\u00ed dovednost, kter\u00e1 d\u011bti prov\u00e1z\u00ed cel\u00fdm \u017eivotem, a proto bychom d\u011bti m\u011bli p\u0159i \u010dten\u00ed podporovat. Ji\u017e od p\u0159ed\u0161koln\u00edho v\u011bku si d\u011bti postupn\u011b osvojuj\u00ed r\u016fzn\u00e9 schopnosti, kter\u00e9 jim v budoucnosti \u010dten\u00ed usnad\u0148uje. Jedn\u00e1 se nejen o kognitivn\u00ed dovednosti, jako je nap\u0159\u00edklad kreativita, soust\u0159ed\u011bnost nebo podpora slovn\u00ed z\u00e1soby, ale tak\u00e9 pozitivn\u011b p\u0159isp\u00edvaj\u00ed ke zdrav\u00ed d\u00edt\u011bte \u2013 pom\u00e1haj\u00ed sn\u00ed\u017eit stres a d\u00edt\u011b zklid\u0148uj\u00ed.","robots":{"index":"index","follow":"follow","max-snippet":"max-snippet:-1","max-image-preview":"max-image-preview:large","max-video-preview":"max-video-preview:-1"},"canonical":"http:\/\/mk.mkskynsperk.cz\/wordpress\/2022\/12\/01\/ctenarske-kompetence-deti\/","og_locale":"cs_CZ","og_type":"article","og_title":"\u010cten\u00e1\u0159sk\u00e9 kompetence d\u011bt\u00ed - M\u011bstsk\u00e1 knihovna","og_description":"\u010cten\u00e1\u0159sk\u00e1 gramotnost u d\u011bt\u00ed: Jak lehce nau\u010dit d\u00edt\u011b \u010d\u00edstUm\u011bt \u010d\u00edst je z\u00e1kladn\u00ed dovednost, kter\u00e1 d\u011bti prov\u00e1z\u00ed cel\u00fdm \u017eivotem, a proto bychom d\u011bti m\u011bli p\u0159i \u010dten\u00ed podporovat. Ji\u017e od p\u0159ed\u0161koln\u00edho v\u011bku si d\u011bti postupn\u011b osvojuj\u00ed r\u016fzn\u00e9 schopnosti, kter\u00e9 jim v budoucnosti \u010dten\u00ed usnad\u0148uje. Jedn\u00e1 se nejen o kognitivn\u00ed dovednosti, jako je nap\u0159\u00edklad kreativita, soust\u0159ed\u011bnost nebo podpora slovn\u00ed z\u00e1soby, ale tak\u00e9 pozitivn\u011b p\u0159isp\u00edvaj\u00ed ke zdrav\u00ed d\u00edt\u011bte \u2013 pom\u00e1haj\u00ed sn\u00ed\u017eit stres a d\u00edt\u011b zklid\u0148uj\u00ed.","og_url":"http:\/\/mk.mkskynsperk.cz\/wordpress\/2022\/12\/01\/ctenarske-kompetence-deti\/","og_site_name":"M\u011bstsk\u00e1 knihovna","article_published_time":"2022-12-01T07:48:08+00:00","article_modified_time":"2022-12-01T07:52:07+00:00","og_image":[{"width":160,"height":148,"url":"http:\/\/mk.mkskynsperk.cz\/wordpress\/wp-content\/uploads\/2017\/09\/logo-kniha-e1505112566526.png","type":"image\/png"}],"twitter_card":"summary","twitter_misc":{"Napsal(a)":"Knihovna","Odhadovan\u00e1 doba \u010dten\u00ed":"1 minute"},"schema":{"@context":"https:\/\/schema.org","@graph":[{"@type":"WebSite","@id":"http:\/\/mk.mkskynsperk.cz\/wordpress\/#website","url":"http:\/\/mk.mkskynsperk.cz\/wordpress\/","name":"M\u011bstsk\u00e1 knihovna","description":"Kyn\u0161perk nad Oh\u0159\u00ed","potentialAction":[{"@type":"SearchAction","target":{"@type":"EntryPoint","urlTemplate":"http:\/\/mk.mkskynsperk.cz\/wordpress\/?s={search_term_string}"},"query-input":"required name=search_term_string"}],"inLanguage":"cs-CZ"},{"@type":"ImageObject","@id":"http:\/\/mk.mkskynsperk.cz\/wordpress\/2022\/12\/01\/ctenarske-kompetence-deti\/#primaryimage","inLanguage":"cs-CZ","url":"http:\/\/mk.mkskynsperk.cz\/wordpress\/wp-content\/uploads\/2017\/09\/logo-kniha-e1505112566526.png","contentUrl":"http:\/\/mk.mkskynsperk.cz\/wordpress\/wp-content\/uploads\/2017\/09\/logo-kniha-e1505112566526.png","width":160,"height":148},{"@type":"WebPage","@id":"http:\/\/mk.mkskynsperk.cz\/wordpress\/2022\/12\/01\/ctenarske-kompetence-deti\/#webpage","url":"http:\/\/mk.mkskynsperk.cz\/wordpress\/2022\/12\/01\/ctenarske-kompetence-deti\/","name":"\u010cten\u00e1\u0159sk\u00e9 kompetence d\u011bt\u00ed - M\u011bstsk\u00e1 knihovna","isPartOf":{"@id":"http:\/\/mk.mkskynsperk.cz\/wordpress\/#website"},"primaryImageOfPage":{"@id":"http:\/\/mk.mkskynsperk.cz\/wordpress\/2022\/12\/01\/ctenarske-kompetence-deti\/#primaryimage"},"datePublished":"2022-12-01T07:48:08+00:00","dateModified":"2022-12-01T07:52:07+00:00","author":{"@id":"http:\/\/mk.mkskynsperk.cz\/wordpress\/#\/schema\/person\/3021a6b2c04122f2fcb5014b8a03d989"},"description":"\u010cten\u00e1\u0159sk\u00e1 gramotnost u d\u011bt\u00ed: Jak lehce nau\u010dit d\u00edt\u011b \u010d\u00edstUm\u011bt \u010d\u00edst je z\u00e1kladn\u00ed dovednost, kter\u00e1 d\u011bti prov\u00e1z\u00ed cel\u00fdm \u017eivotem, a proto bychom d\u011bti m\u011bli p\u0159i \u010dten\u00ed podporovat. Ji\u017e od p\u0159ed\u0161koln\u00edho v\u011bku si d\u011bti postupn\u011b osvojuj\u00ed r\u016fzn\u00e9 schopnosti, kter\u00e9 jim v budoucnosti \u010dten\u00ed usnad\u0148uje. Jedn\u00e1 se nejen o kognitivn\u00ed dovednosti, jako je nap\u0159\u00edklad kreativita, soust\u0159ed\u011bnost nebo podpora slovn\u00ed z\u00e1soby, ale tak\u00e9 pozitivn\u011b p\u0159isp\u00edvaj\u00ed ke zdrav\u00ed d\u00edt\u011bte \u2013 pom\u00e1haj\u00ed sn\u00ed\u017eit stres a d\u00edt\u011b zklid\u0148uj\u00ed.","breadcrumb":{"@id":"http:\/\/mk.mkskynsperk.cz\/wordpress\/2022\/12\/01\/ctenarske-kompetence-deti\/#breadcrumb"},"inLanguage":"cs-CZ","potentialAction":[{"@type":"ReadAction","target":["http:\/\/mk.mkskynsperk.cz\/wordpress\/2022\/12\/01\/ctenarske-kompetence-deti\/"]}]},{"@type":"BreadcrumbList","@id":"http:\/\/mk.mkskynsperk.cz\/wordpress\/2022\/12\/01\/ctenarske-kompetence-deti\/#breadcrumb","itemListElement":[{"@type":"ListItem","position":1,"name":"Dom\u016f","item":"http:\/\/mk.mkskynsperk.cz\/wordpress\/"},{"@type":"ListItem","position":2,"name":"\u010cten\u00e1\u0159sk\u00e9 kompetence d\u011bt\u00ed"}]},{"@type":"Person","@id":"http:\/\/mk.mkskynsperk.cz\/wordpress\/#\/schema\/person\/3021a6b2c04122f2fcb5014b8a03d989","name":"Knihovna","image":{"@type":"ImageObject","@id":"http:\/\/mk.mkskynsperk.cz\/wordpress\/#personlogo","inLanguage":"cs-CZ","url":"https:\/\/secure.gravatar.com\/avatar\/93bda8727c2d3275f68a1f189b0f9ce45df309a9ec99b482936301b3df8008d1?s=96&d=mm&r=g","contentUrl":"https:\/\/secure.gravatar.com\/avatar\/93bda8727c2d3275f68a1f189b0f9ce45df309a9ec99b482936301b3df8008d1?s=96&d=mm&r=g","caption":"Knihovna"}}]}},"_links":{"self":[{"href":"http:\/\/mk.mkskynsperk.cz\/wordpress\/wp-json\/wp\/v2\/posts\/1066","targetHints":{"allow":["GET"]}}],"collection":[{"href":"http:\/\/mk.mkskynsperk.cz\/wordpress\/wp-json\/wp\/v2\/posts"}],"about":[{"href":"http:\/\/mk.mkskynsperk.cz\/wordpress\/wp-json\/wp\/v2\/types\/post"}],"author":[{"embeddable":true,"href":"http:\/\/mk.mkskynsperk.cz\/wordpress\/wp-json\/wp\/v2\/users\/2"}],"replies":[{"embeddable":true,"href":"http:\/\/mk.mkskynsperk.cz\/wordpress\/wp-json\/wp\/v2\/comments?post=1066"}],"version-history":[{"count":3,"href":"http:\/\/mk.mkskynsperk.cz\/wordpress\/wp-json\/wp\/v2\/posts\/1066\/revisions"}],"predecessor-version":[{"id":1069,"href":"http:\/\/mk.mkskynsperk.cz\/wordpress\/wp-json\/wp\/v2\/posts\/1066\/revisions\/1069"}],"wp:featuredmedia":[{"embeddable":true,"href":"http:\/\/mk.mkskynsperk.cz\/wordpress\/wp-json\/wp\/v2\/media\/41"}],"wp:attachment":[{"href":"http:\/\/mk.mkskynsperk.cz\/wordpress\/wp-json\/wp\/v2\/media?parent=1066"}],"wp:term":[{"taxonomy":"category","embeddable":true,"href":"http:\/\/mk.mkskynsperk.cz\/wordpress\/wp-json\/wp\/v2\/categories?post=1066"},{"taxonomy":"post_tag","embeddable":true,"href":"http:\/\/mk.mkskynsperk.cz\/wordpress\/wp-json\/wp\/v2\/tags?post=1066"}],"curies":[{"name":"wp","href":"https:\/\/api.w.org\/{rel}","templated":true}]}}